{"id":682,"date":"2025-10-08T18:02:58","date_gmt":"2025-10-08T16:02:58","guid":{"rendered":"https:\/\/contratalla.art\/?p=682"},"modified":"2025-10-08T18:18:17","modified_gmt":"2025-10-08T16:18:17","slug":"cataleg-de-la-xii-biennal-contratalla","status":"publish","type":"post","link":"https:\/\/contratalla.art\/index.php\/2025\/10\/08\/cataleg-de-la-xii-biennal-contratalla\/","title":{"rendered":"Cat\u00e0leg de la XII Biennal Contratalla"},"content":{"rendered":"<div class=\"wp-block-image\">\n<figure class=\"aligncenter size-thumbnail\"><img data-recalc-dims=\"1\" loading=\"lazy\" decoding=\"async\" width=\"150\" height=\"150\" src=\"https:\/\/i0.wp.com\/contratalla.art\/wp-content\/uploads\/2025\/10\/67a-150x150.png?resize=150%2C150&#038;ssl=1\" alt=\"Guanyador de la XII Biennal Contratalla\" class=\"wp-image-683\" srcset=\"https:\/\/i0.wp.com\/contratalla.art\/wp-content\/uploads\/2025\/10\/67a.png?resize=150%2C150&amp;ssl=1 150w, https:\/\/i0.wp.com\/contratalla.art\/wp-content\/uploads\/2025\/10\/67a.png?resize=100%2C100&amp;ssl=1 100w, https:\/\/i0.wp.com\/contratalla.art\/wp-content\/uploads\/2025\/10\/67a.png?zoom=2&amp;resize=150%2C150 300w, https:\/\/i0.wp.com\/contratalla.art\/wp-content\/uploads\/2025\/10\/67a.png?zoom=3&amp;resize=150%2C150 450w\" sizes=\"auto, (max-width: 150px) 100vw, 150px\" \/><\/figure>\n<\/div>\n\n\n<p>Us presentem el cat\u00e0leg de la XII Biennal Contratalla, on&nbsp; trobareu les obres guanyadores d&#8217;aquesta edici\u00f3, les mencions d&#8217;honor i les imatges de les obres participants.<\/p>\n\n\n\n<p>D&#8217;aquells artistes que ens van fer arribar m\u00e9s d&#8217;un ex-libris, hem posat l&#8217;exemplar escollit pel jurat.<\/p>\n\n\n\n<p>Enhorabona a tots els premiats i moltes gr\u00e0cies a tots els concursants!<\/p>\n\n\n\n<hr class=\"wp-block-separator has-alpha-channel-opacity\"\/>\n\n\n\n<p>Os presentamos el cat\u00e1logo de la XII Bienal Contratalla, donde encontrareis las obras ganadoras de esta edici\u00f3n, las menciones de honor y las im\u00e1genes de las obras participantes.<\/p>\n\n\n\n<p>De los artistas que nos hicieron llegar m\u00e1s de un ex-libris, hemos puesto el ejemplar escogido por el jurado.<\/p>\n\n\n\n<p>\u00a1Enhorabuena a todos los premiados y muchas gracias a todos los concursantes!<\/p>\n\n\n\n<hr class=\"wp-block-separator has-alpha-channel-opacity\"\/>\n\n\n\n<p>We present the catalogue of the XII Contratalla Biennial, where you will find the winning works of this edition, the honorable mentions and the images of the participating works.<\/p>\n\n\n\n<p>Of those artists who sent us more than one ex-libris, we have included the work chosen by the jury.<\/p>\n\n\n\n<p>Congratulations to all the winners and many thanks to all the contestants!<\/p>\n\n\n\n<div data-wp-interactive=\"core\/file\" class=\"wp-block-file\"><object data-wp-bind--hidden=\"!state.hasPdfPreview\" hidden class=\"wp-block-file__embed\" data=\"http:\/\/contratalla.art\/wp-content\/uploads\/2025\/10\/Cataleg-biennal-2025.pdf\" type=\"application\/pdf\" style=\"width:100%;height:340px\" aria-label=\"Incrustado de Cat\u00e0leg biennal 2025.\"><\/object><a id=\"wp-block-file--media-b704e485-b44b-4b49-ace0-17ceffdd5002\" href=\"http:\/\/contratalla.art\/wp-content\/uploads\/2025\/10\/Cataleg-biennal-2025.pdf\">Cat\u00e0leg biennal 2025<\/a><a href=\"http:\/\/contratalla.art\/wp-content\/uploads\/2025\/10\/Cataleg-biennal-2025.pdf\" class=\"wp-block-file__button wp-element-button\" download aria-describedby=\"wp-block-file--media-b704e485-b44b-4b49-ace0-17ceffdd5002\">Descarga<\/a><\/div>\n","protected":false},"excerpt":{"rendered":"<p>Us presentem el cat\u00e0leg de la XII Biennal Contratalla, on&nbsp; trobareu les obres guanyadores d&#8217;aquesta edici\u00f3, les mencions d&#8217;honor i les imatges de les obres participants. D&#8217;aquells artistes que ens [&hellip;]<\/p>\n","protected":false},"author":1,"featured_media":0,"comment_status":"open","ping_status":"open","sticky":false,"template":"","format":"standard","meta":{"jetpack_post_was_ever_published":false,"_jetpack_newsletter_access":"","_jetpack_dont_email_post_to_subs":true,"_jetpack_newsletter_tier_id":0,"_jetpack_memberships_contains_paywalled_content":false,"_jetpack_memberships_contains_paid_content":false,"footnotes":"","jetpack_publicize_message":"","jetpack_publicize_feature_enabled":true,"jetpack_social_post_already_shared":true,"jetpack_social_options":{"image_generator_settings":{"template":"highway","default_image_id":0,"font":"","enabled":false},"version":2}},"categories":[1,20],"tags":[22,47,23,24,26,27],"class_list":["post-682","post","type-post","status-publish","format-standard","hentry","category-blog","category-convocatories","tag-arte","tag-associacio-catalana-dexlibristes","tag-bienal","tag-bookplate","tag-exlibris","tag-grabado"],"aioseo_notices":[],"jetpack_publicize_connections":[],"jetpack_featured_media_url":"","jetpack-related-posts":[],"jetpack_shortlink":"https:\/\/wp.me\/pf96kx-b0","jetpack_sharing_enabled":true,"_links":{"self":[{"href":"https:\/\/contratalla.art\/index.php\/wp-json\/wp\/v2\/posts\/682","targetHints":{"allow":["GET"]}}],"collection":[{"href":"https:\/\/contratalla.art\/index.php\/wp-json\/wp\/v2\/posts"}],"about":[{"href":"https:\/\/contratalla.art\/index.php\/wp-json\/wp\/v2\/types\/post"}],"author":[{"embeddable":true,"href":"https:\/\/contratalla.art\/index.php\/wp-json\/wp\/v2\/users\/1"}],"replies":[{"embeddable":true,"href":"https:\/\/contratalla.art\/index.php\/wp-json\/wp\/v2\/comments?post=682"}],"version-history":[{"count":1,"href":"https:\/\/contratalla.art\/index.php\/wp-json\/wp\/v2\/posts\/682\/revisions"}],"predecessor-version":[{"id":685,"href":"https:\/\/contratalla.art\/index.php\/wp-json\/wp\/v2\/posts\/682\/revisions\/685"}],"wp:attachment":[{"href":"https:\/\/contratalla.art\/index.php\/wp-json\/wp\/v2\/media?parent=682"}],"wp:term":[{"taxonomy":"category","embeddable":true,"href":"https:\/\/contratalla.art\/index.php\/wp-json\/wp\/v2\/categories?post=682"},{"taxonomy":"post_tag","embeddable":true,"href":"https:\/\/contratalla.art\/index.php\/wp-json\/wp\/v2\/tags?post=682"}],"curies":[{"name":"wp","href":"https:\/\/api.w.org\/{rel}","templated":true}]}}