{"id":239,"date":"2023-11-14T18:59:09","date_gmt":"2023-11-14T17:59:09","guid":{"rendered":"https:\/\/contratalla.art\/?p=239"},"modified":"2023-11-17T17:04:15","modified_gmt":"2023-11-17T16:04:15","slug":"nou-numero-de-la-revista-ex-libris","status":"publish","type":"post","link":"https:\/\/contratalla.art\/index.php\/2023\/11\/14\/nou-numero-de-la-revista-ex-libris\/","title":{"rendered":"Nou n\u00famero de la Revista Ex-libris"},"content":{"rendered":"\n<h3 class=\"wp-block-heading\">Revista Ex-libris, Portaveu de l&#8217;Associaci\u00f3 Catalana d&#8217;Exlibristes<\/h3>\n\n\n\n<p>Ja tenim el nou n\u00famero de la Revista Ex-libris!<\/p>\n\n\n\n<p>Amb aquest n\u00famero 77, l&#8217;\u00faltim d&#8217;aquest 2023, us portem un monogr\u00e0fic sobre Luisa Garc\u00eda-Muro, artista i exlibrista.<\/p>\n\n\n\n<p>Una s\u00e8rie d&#8217;articles que mostren la seva traject\u00f2ria i el seu estil inconfusible, il\u00b7lustrats amb m\u00e9s de 200 imatges a color que conformen el llistat de tots els seus ex-libris creats fins a l&#8217;actualitat.<\/p>\n\n\n\n<p><\/p>\n\n\n\n<p><em>Monogr\u00e1fico sobre Luisa Garc\u00eda-Muro, artista y exlibrista.<\/em><\/p>\n\n\n\n<p><em>Una serie de art\u00edculos que muestran su trayectoria y su estilo inconfundible, ilustrados con m\u00e1s de 200 im\u00e1genes a color que conforman el listado de todos sus ex libris creados hasta la actualidad<\/em>.<\/p>\n\n\n<div class=\"wp-block-image\">\n<figure class=\"aligncenter size-medium is-resized\"><img data-recalc-dims=\"1\" loading=\"lazy\" decoding=\"async\" width=\"209\" height=\"300\" src=\"https:\/\/i0.wp.com\/contratalla.art\/wp-content\/uploads\/2023\/11\/Portada-77-209x300.jpg?resize=209%2C300&#038;ssl=1\" alt=\"Revista Ex-libris 77, Portaveu de l'Associaci\u00f3 Catalana d'Exlibristes\" class=\"wp-image-242\" style=\"width:261px;height:auto\" srcset=\"https:\/\/i0.wp.com\/contratalla.art\/wp-content\/uploads\/2023\/11\/Portada-77.jpg?resize=209%2C300&amp;ssl=1 209w, https:\/\/i0.wp.com\/contratalla.art\/wp-content\/uploads\/2023\/11\/Portada-77.jpg?resize=600%2C861&amp;ssl=1 600w, https:\/\/i0.wp.com\/contratalla.art\/wp-content\/uploads\/2023\/11\/Portada-77.jpg?resize=100%2C143&amp;ssl=1 100w, https:\/\/i0.wp.com\/contratalla.art\/wp-content\/uploads\/2023\/11\/Portada-77.jpg?w=676&amp;ssl=1 676w\" sizes=\"auto, (max-width: 209px) 100vw, 209px\" \/><\/figure>\n<\/div>\n\n\n<p>Ja la teniu disponible a la nostra galeria i els socis de l&#8217;ACE que aix\u00ed ho heu demanat, la rebreu a les vostres cases, com sempre! <\/p>\n\n\n\n<p><em>Ya la tiene disponible en nuestra galer\u00eda y los socios de la ACE que as\u00ed lo han pedido, \u00a1la recibir\u00e1n en sus casas, como siempre!<\/em><\/p>\n\n\n\n<p><\/p>\n\n\n\n<div class=\"wp-block-buttons is-content-justification-center is-layout-flex wp-container-core-buttons-is-layout-16018d1d wp-block-buttons-is-layout-flex\">\n<div class=\"wp-block-button\"><a class=\"wp-block-button__link wp-element-button\" href=\"https:\/\/contratalla.art\/index.php\/product\/revista-ex-libris-77\/\">Comprar<\/a><\/div>\n<\/div>\n","protected":false},"excerpt":{"rendered":"<p>Revista Ex-libris, Portaveu de l&#8217;Associaci\u00f3 Catalana d&#8217;Exlibristes Ja tenim el nou n\u00famero de la Revista Ex-libris! Amb aquest n\u00famero 77, l&#8217;\u00faltim d&#8217;aquest 2023, us portem un monogr\u00e0fic sobre Luisa Garc\u00eda-Muro, [&hellip;]<\/p>\n","protected":false},"author":1,"featured_media":0,"comment_status":"open","ping_status":"open","sticky":false,"template":"","format":"standard","meta":{"jetpack_post_was_ever_published":false,"_jetpack_newsletter_access":"","_jetpack_dont_email_post_to_subs":false,"_jetpack_newsletter_tier_id":0,"_jetpack_memberships_contains_paywalled_content":false,"_jetpack_memberships_contains_paid_content":false,"footnotes":"","jetpack_publicize_message":"","jetpack_publicize_feature_enabled":true,"jetpack_social_post_already_shared":true,"jetpack_social_options":{"image_generator_settings":{"template":"highway","default_image_id":0,"font":"","enabled":false},"version":2}},"categories":[1],"tags":[48,47,24,49,26],"class_list":["post-239","post","type-post","status-publish","format-standard","hentry","category-blog","tag-ace","tag-associacio-catalana-dexlibristes","tag-bookplate","tag-ex-libris","tag-exlibris"],"aioseo_notices":[],"jetpack_publicize_connections":[],"jetpack_featured_media_url":"","jetpack-related-posts":[],"jetpack_shortlink":"https:\/\/wp.me\/pf96kx-3R","jetpack_sharing_enabled":true,"_links":{"self":[{"href":"https:\/\/contratalla.art\/index.php\/wp-json\/wp\/v2\/posts\/239","targetHints":{"allow":["GET"]}}],"collection":[{"href":"https:\/\/contratalla.art\/index.php\/wp-json\/wp\/v2\/posts"}],"about":[{"href":"https:\/\/contratalla.art\/index.php\/wp-json\/wp\/v2\/types\/post"}],"author":[{"embeddable":true,"href":"https:\/\/contratalla.art\/index.php\/wp-json\/wp\/v2\/users\/1"}],"replies":[{"embeddable":true,"href":"https:\/\/contratalla.art\/index.php\/wp-json\/wp\/v2\/comments?post=239"}],"version-history":[{"count":6,"href":"https:\/\/contratalla.art\/index.php\/wp-json\/wp\/v2\/posts\/239\/revisions"}],"predecessor-version":[{"id":248,"href":"https:\/\/contratalla.art\/index.php\/wp-json\/wp\/v2\/posts\/239\/revisions\/248"}],"wp:attachment":[{"href":"https:\/\/contratalla.art\/index.php\/wp-json\/wp\/v2\/media?parent=239"}],"wp:term":[{"taxonomy":"category","embeddable":true,"href":"https:\/\/contratalla.art\/index.php\/wp-json\/wp\/v2\/categories?post=239"},{"taxonomy":"post_tag","embeddable":true,"href":"https:\/\/contratalla.art\/index.php\/wp-json\/wp\/v2\/tags?post=239"}],"curies":[{"name":"wp","href":"https:\/\/api.w.org\/{rel}","templated":true}]}}