{"id":160,"date":"2023-09-21T19:09:54","date_gmt":"2023-09-21T17:09:54","guid":{"rendered":"https:\/\/contratalla.art\/?p=160"},"modified":"2023-09-21T19:15:30","modified_gmt":"2023-09-21T17:15:30","slug":"fallo-y-catalogo-de-la-xi-bienal-contratalla","status":"publish","type":"post","link":"https:\/\/contratalla.art\/index.php\/2023\/09\/21\/fallo-y-catalogo-de-la-xi-bienal-contratalla\/","title":{"rendered":"Fallo y cat\u00e1logo de la XI Bienal Contratalla"},"content":{"rendered":"\n<p>Os traemos por fin el Fallo y cat\u00e1logo de la <a href=\"https:\/\/contratalla.art\/index.php\/2022\/12\/29\/xi-biennal-dex-libris-contratalla\/\" title=\"XI Biennal d\u2019Ex-libris Contratalla\">XI Bienal Contratalla<\/a>.<\/p>\n\n\n<div class=\"wp-block-image\">\n<figure class=\"aligncenter size-full is-resized\"><img data-recalc-dims=\"1\" loading=\"lazy\" decoding=\"async\" src=\"https:\/\/i0.wp.com\/contratalla.art\/wp-content\/uploads\/2023\/09\/Cataleg-bienal-2023-1-edited.jpg?resize=171%2C228&#038;ssl=1\" alt=\"Portada Cat\u00e1logo XI Bienal Contratalla\nFallo y cat\u00e1logo de la XI Bienal Contratalla\" class=\"wp-image-167\" style=\"width:171px;height:228px\" width=\"171\" height=\"228\"\/><\/figure>\n<\/div>\n\n\n<p class=\"has-small-font-size\">EL JURAT DE LA <a href=\"https:\/\/contratalla.art\/index.php\/2022\/12\/29\/xi-biennal-dex-libris-contratalla\/\" target=\"_blank\" rel=\"noopener\" title=\"XI Biennal d\u2019Ex-libris Contratalla\">XI BIENNAL CONTRATALLA<\/a>, UNA VEGADA EXAMINATS ELS 453 TREBALLS PRESENTATS HA ACORDAT PER UNANIMITAT PREMIAR ELS TREBALLS DE \/ EL JURADO DE LA <a href=\"https:\/\/contratalla.art\/index.php\/2022\/12\/29\/xi-biennal-dex-libris-contratalla\/\" title=\"XI Biennal d\u2019Ex-libris Contratalla\">XI BIENAL CONTRATALLA<\/a>, UNA VEZ EXAMINADOS LOS 453 TRABAJOS PRESENTADOS, HA ACORDADO POR UNANIMIDAD PREMIAR LOS TRABAJOS DE \/ THE JURY OF THE <a href=\"https:\/\/contratalla.art\/index.php\/2022\/12\/29\/xi-biennal-dex-libris-contratalla\/\" title=\"XI Biennal d\u2019Ex-libris Contratalla\">XI CONTRATALLA BIENNIAL<\/a>, ONCE EXAMINED THE 453 WORKS PRESENTED, UNANIMOUSLY AGREED TO REWARD THE WORKS PRESENTED BY:<\/p>\n\n\n\n<div class=\"wp-block-group\"><div class=\"wp-block-group__inner-container is-layout-constrained wp-block-group-is-layout-constrained\">\n<p class=\"has-text-align-center has-black-color has-text-color has-regular-font-size\">PRIMER PREMI: <strong><a href=\"https:\/\/www.facebook.com\/kate.kovzus\" target=\"_blank\" rel=\"noopener\" title=\"\">EKATERINA KOVZUS<\/a><\/strong> de BIELORR\u00daSSIA<\/p>\n\n\n\n<p class=\"has-text-align-center has-black-color has-text-color has-regular-font-size\">SEGON PREMI: <strong><a href=\"https:\/\/www.facebook.com\/silvana.martignoni\" target=\"_blank\" rel=\"noopener\" title=\"\">SILVANA MARTIGNONI<\/a><\/strong> de IT\u00c0LIA<\/p>\n\n\n\n<p class=\"has-text-align-center has-black-color has-text-color has-regular-font-size\">TERCER PREMI: <strong><a href=\"https:\/\/www.facebook.com\/martin.baeyens\" target=\"_blank\" rel=\"noopener\" title=\"\">MARTIN R. BAEYENS<\/a><\/strong> de B\u00c8LGICA<\/p>\n\n\n\n<p><\/p>\n\n\n\n<p class=\"has-black-color has-text-color has-small-font-size\">CONCEDIR MENCIONS ESPECIALS A \/ CONCEDER MENCIONES ESPECIALES A \/ TO GRANT ESPECIAL MENTIONS TO:<\/p>\n\n\n\n<p class=\"has-text-align-center has-black-color has-text-color has-regular-font-size\"><strong>HRISTO KERIN<\/strong> (BULG\u00c0RIA), <strong>LEMBIT LOHMUS<\/strong> (EST\u00d2NIA) i <strong>MICHELE STRAGLIATI<\/strong> (IT\u00c0LIA).<\/p>\n\n\n\n<p><\/p>\n<\/div><\/div>\n\n\n\n<p class=\"has-black-color has-text-color has-small-font-size\">CONCEDIR MENCIONS HONOR\u00cdFIQUES A \/ CONCEDER MENCIONES HONOR\u00cdFICAS A \/ TO GRANT HONORABLE MENTIONS TO:<\/p>\n\n\n\n<p class=\"has-text-align-center has-regular-font-size\"><strong>MARCELA MIRANDA<\/strong> (IT\u00c0LIA), <strong>JANNE LAINE<\/strong> (FINL\u00c0NDIA), <strong>SVIATLANA VALASIUK<\/strong> (BIELORR\u00d9SSIA), <strong>MARIA GURIKHINA<\/strong> (CATALUNYA),<strong> ANNA TROJANOWSKA<\/strong> (POL\u00d2NIA) i <strong>IGOR CVACHO<\/strong> (ESLOV\u00c0QUIA).<\/p>\n\n\n\n<p><\/p>\n\n\n\n<p class=\"has-black-color has-text-color has-small-font-size\">I SELECCIONAR ELS TREBALLS DE \/ Y SELECCIONAR LOS TRABAJOS DE \/ AND SELECT THE WORKS OF:<\/p>\n\n\n\n<p class=\"has-text-align-center has-black-color has-text-color has-regular-font-size\">Niyazbaiyer Baktiyar, Liudmila Kotelnikova, Olga Samosujk, Christine Deboosere, Elisabeth Larsen, Sandro Chinellato, Anastasiya Shvedava, Andrejs M\u00e1ris Eiz\u00e1ns, Wieseawa Kurdek, Pawel Delekta, Iuliia Shilova, Juan Vicente Urbieta, Eleonora Gershanovych, Krysztof Marek Bak, Tam\u00e1s Havasi, Mariana Myroshnychenko, Leontii Gryniuk i Sergey Sweder.<\/p>\n\n\n\n<p class=\"has-black-color has-text-color has-small-font-size\">Podeu descarregar el fallo i cat\u00e0leg de la XI Biennal Contratalla a continuaci\u00f3 \/  Pod\u00e9is descargar el fallo y cat\u00e1logo de la XI Bienal Contratalla a continuaci\u00f3n \/ You can download the catalog of the XI Biennial below:<\/p>\n\n\n\n<div data-wp-interactive=\"core\/file\" class=\"wp-block-file has-background\" style=\"background:linear-gradient(135deg,rgb(249,249,249) 32%,rgb(169,184,195) 100%)\"><object data-wp-bind--hidden=\"!state.hasPdfPreview\" hidden class=\"wp-block-file__embed\" data=\"http:\/\/contratalla.art\/wp-content\/uploads\/2023\/09\/Cataleg-bienal-2023.pdf\" type=\"application\/pdf\" style=\"width:100%;height:240px\" aria-label=\"Incrustado de Cat\u00e0leg XI Biennal Contratalla 2023.\"><\/object><a id=\"wp-block-file--media-eb431997-51d1-431c-9078-0efc1640b44d\" href=\"http:\/\/contratalla.art\/wp-content\/uploads\/2023\/09\/Cataleg-bienal-2023.pdf\">Cat\u00e0leg XI Biennal Contratalla 2023<\/a><a href=\"http:\/\/contratalla.art\/wp-content\/uploads\/2023\/09\/Cataleg-bienal-2023.pdf\" class=\"wp-block-file__button wp-element-button\" download aria-describedby=\"wp-block-file--media-eb431997-51d1-431c-9078-0efc1640b44d\">Descarga<\/a><\/div>\n","protected":false},"excerpt":{"rendered":"<p>Os traemos por fin el Fallo y cat\u00e1logo de la XI Bienal Contratalla. EL JURAT DE LA XI BIENNAL CONTRATALLA, UNA VEGADA EXAMINATS ELS 453 TREBALLS PRESENTATS HA ACORDAT PER [&hellip;]<\/p>\n","protected":false},"author":1,"featured_media":0,"comment_status":"open","ping_status":"open","sticky":false,"template":"","format":"standard","meta":{"jetpack_post_was_ever_published":false,"_jetpack_newsletter_access":"","_jetpack_dont_email_post_to_subs":false,"_jetpack_newsletter_tier_id":0,"_jetpack_memberships_contains_paywalled_content":false,"_jetpack_memberships_contains_paid_content":false,"footnotes":"","jetpack_publicize_message":"","jetpack_publicize_feature_enabled":true,"jetpack_social_post_already_shared":false,"jetpack_social_options":{"image_generator_settings":{"template":"highway","default_image_id":0,"font":"","enabled":false},"version":2}},"categories":[1],"tags":[22,23,32,33,24,25,26,27],"class_list":["post-160","post","type-post","status-publish","format-standard","hentry","category-blog","tag-arte","tag-bienal","tag-biennal","tag-biennial","tag-bookplate","tag-contratalla","tag-exlibris","tag-grabado"],"aioseo_notices":[],"jetpack_publicize_connections":[],"jetpack_featured_media_url":"","jetpack-related-posts":[],"jetpack_shortlink":"https:\/\/wp.me\/pf96kx-2A","jetpack_sharing_enabled":true,"_links":{"self":[{"href":"https:\/\/contratalla.art\/index.php\/wp-json\/wp\/v2\/posts\/160","targetHints":{"allow":["GET"]}}],"collection":[{"href":"https:\/\/contratalla.art\/index.php\/wp-json\/wp\/v2\/posts"}],"about":[{"href":"https:\/\/contratalla.art\/index.php\/wp-json\/wp\/v2\/types\/post"}],"author":[{"embeddable":true,"href":"https:\/\/contratalla.art\/index.php\/wp-json\/wp\/v2\/users\/1"}],"replies":[{"embeddable":true,"href":"https:\/\/contratalla.art\/index.php\/wp-json\/wp\/v2\/comments?post=160"}],"version-history":[{"count":8,"href":"https:\/\/contratalla.art\/index.php\/wp-json\/wp\/v2\/posts\/160\/revisions"}],"predecessor-version":[{"id":171,"href":"https:\/\/contratalla.art\/index.php\/wp-json\/wp\/v2\/posts\/160\/revisions\/171"}],"wp:attachment":[{"href":"https:\/\/contratalla.art\/index.php\/wp-json\/wp\/v2\/media?parent=160"}],"wp:term":[{"taxonomy":"category","embeddable":true,"href":"https:\/\/contratalla.art\/index.php\/wp-json\/wp\/v2\/categories?post=160"},{"taxonomy":"post_tag","embeddable":true,"href":"https:\/\/contratalla.art\/index.php\/wp-json\/wp\/v2\/tags?post=160"}],"curies":[{"name":"wp","href":"https:\/\/api.w.org\/{rel}","templated":true}]}}